{"id":100,"count":4,"description":"O <strong>Sof\u00e1<\/strong> \u00e9 a pe\u00e7a central da sua Sala de Estar, o local onde se relaxa, recebe visitas e passa momentos de lazer e conviv\u00eancia. Na <a href=\"http:\/\/mhinteriores.pt\"><strong>MH Interiores<\/strong><\/a>, oferecemos uma vasta gama de sof\u00e1s que combinam conforto, qualidade e estilo, para criar um ambiente acolhedor e elegante no cora\u00e7\u00e3o da sua casa.\r\n\r\nCom diferentes designs, desde os mais modernos e sofisticados at\u00e9 os modelos mais cl\u00e1ssicos e aconchegantes. Os nossos sof\u00e1s adaptam-se ao seu espa\u00e7o e \u00e0 sua personalidade. Dispon\u00edveis em variados tamanhos, tecidos e acabamentos, garantem o m\u00e1ximo conforto e durabilidade. S\u00e3o perfeitos para quem valoriza a funcionalidade sem abrir m\u00e3o do estilo.\r\n\r\nSeja para uma sala mais compacta ou um espa\u00e7o amplo, os nossos sof\u00e1s s\u00e3o ideais para criar um ambiente de conforto. Pode relaxar e desfrutar de momentos agrad\u00e1veis.\r\n\r\nExplore a nossa cole\u00e7\u00e3o de <strong>Sof\u00e1s<\/strong> e descubra como esta pe\u00e7a fundamental pode transformar a sua sala de estar num espa\u00e7o moderno, confort\u00e1vel e cheio de charme!","link":"https:\/\/mhinteriores.pt\/loja\/produto-categoria\/sala-de-estar\/sofa\/","name":"Sof\u00e1","slug":"sofa","taxonomy":"product_cat","parent":73,"meta":[],"menu_order":0,"yoast_head":"<!-- This site is optimized with the Yoast SEO Premium plugin v24.0 (Yoast SEO v27.4) - https:\/\/yoast.com\/product\/yoast-seo-premium-wordpress\/ -->\n<title>Arquivo de Sof\u00e1 - Loja Decora&ccedil;&atilde;o de Interiores<\/title>\n<meta name=\"description\" content=\"O Sof\u00e1 \u00e9 a pe\u00e7a central da sua Sala de Estar, o local onde se relaxa, recebe visitas e passa momentos de lazer e conviv\u00eancia.\" \/>\n<meta name=\"robots\" content=\"index, follow, max-snippet:-1, max-image-preview:large, max-video-preview:-1\" \/>\n<link rel=\"canonical\" href=\"https:\/\/mhinteriores.pt\/loja\/produto-categoria\/sala-de-estar\/sofa\/\" \/>\n<meta property=\"og:locale\" content=\"pt_PT\" \/>\n<meta property=\"og:type\" content=\"article\" \/>\n<meta property=\"og:title\" content=\"Arquivo de Sof\u00e1\" \/>\n<meta property=\"og:description\" content=\"O Sof\u00e1 \u00e9 a pe\u00e7a central da sua Sala de Estar, o local onde se relaxa, recebe visitas e passa momentos de lazer e conviv\u00eancia.\" \/>\n<meta property=\"og:url\" content=\"https:\/\/mhinteriores.pt\/loja\/produto-categoria\/sala-de-estar\/sofa\/\" \/>\n<meta property=\"og:site_name\" content=\"Loja Decora&ccedil;&atilde;o de Interiores\" \/>\n<meta name=\"twitter:card\" content=\"summary_large_image\" \/>\n<script type=\"application\/ld+json\" class=\"yoast-schema-graph\">{\"@context\":\"https:\\\/\\\/schema.org\",\"@graph\":[{\"@type\":\"CollectionPage\",\"@id\":\"https:\\\/\\\/mhinteriores.pt\\\/loja\\\/produto-categoria\\\/sala-de-estar\\\/sofa\\\/\",\"url\":\"https:\\\/\\\/mhinteriores.pt\\\/loja\\\/produto-categoria\\\/sala-de-estar\\\/sofa\\\/\",\"name\":\"Arquivo de Sof\u00e1 - Loja Decora&ccedil;&atilde;o de Interiores\",\"isPartOf\":{\"@id\":\"https:\\\/\\\/mhinteriores.pt\\\/loja\\\/#website\"},\"description\":\"O Sof\u00e1 \u00e9 a pe\u00e7a central da sua Sala de Estar, o local onde se relaxa, recebe visitas e passa momentos de lazer e conviv\u00eancia.\",\"breadcrumb\":{\"@id\":\"https:\\\/\\\/mhinteriores.pt\\\/loja\\\/produto-categoria\\\/sala-de-estar\\\/sofa\\\/#breadcrumb\"},\"inLanguage\":\"pt-PT\"},{\"@type\":\"BreadcrumbList\",\"@id\":\"https:\\\/\\\/mhinteriores.pt\\\/loja\\\/produto-categoria\\\/sala-de-estar\\\/sofa\\\/#breadcrumb\",\"itemListElement\":[{\"@type\":\"ListItem\",\"position\":1,\"name\":\"In\u00edcio\",\"item\":\"https:\\\/\\\/mhinteriores.pt\\\/loja\\\/\"},{\"@type\":\"ListItem\",\"position\":2,\"name\":\"Sala de Estar\",\"item\":\"https:\\\/\\\/mhinteriores.pt\\\/loja\\\/produto-categoria\\\/sala-de-estar\\\/\"},{\"@type\":\"ListItem\",\"position\":3,\"name\":\"Sof\u00e1\"}]},{\"@type\":\"WebSite\",\"@id\":\"https:\\\/\\\/mhinteriores.pt\\\/loja\\\/#website\",\"url\":\"https:\\\/\\\/mhinteriores.pt\\\/loja\\\/\",\"name\":\"Loja de Decora\u00e7\u00e3o - MH Interiores\",\"description\":\"MH Interiores\",\"publisher\":{\"@id\":\"https:\\\/\\\/mhinteriores.pt\\\/loja\\\/#organization\"},\"potentialAction\":[{\"@type\":\"SearchAction\",\"target\":{\"@type\":\"EntryPoint\",\"urlTemplate\":\"https:\\\/\\\/mhinteriores.pt\\\/loja\\\/?s={search_term_string}\"},\"query-input\":{\"@type\":\"PropertyValueSpecification\",\"valueRequired\":true,\"valueName\":\"search_term_string\"}}],\"inLanguage\":\"pt-PT\"},{\"@type\":\"Organization\",\"@id\":\"https:\\\/\\\/mhinteriores.pt\\\/loja\\\/#organization\",\"name\":\"Loja de Decora\u00e7\u00e3o - MH Interiores\",\"url\":\"https:\\\/\\\/mhinteriores.pt\\\/loja\\\/\",\"logo\":{\"@type\":\"ImageObject\",\"inLanguage\":\"pt-PT\",\"@id\":\"https:\\\/\\\/mhinteriores.pt\\\/loja\\\/#\\\/schema\\\/logo\\\/image\\\/\",\"url\":\"https:\\\/\\\/mhinteriores.pt\\\/loja\\\/wp-content\\\/uploads\\\/2024\\\/12\\\/cropped-MH-Interiores.png\",\"contentUrl\":\"https:\\\/\\\/mhinteriores.pt\\\/loja\\\/wp-content\\\/uploads\\\/2024\\\/12\\\/cropped-MH-Interiores.png\",\"width\":512,\"height\":512,\"caption\":\"Loja de Decora\u00e7\u00e3o - MH Interiores\"},\"image\":{\"@id\":\"https:\\\/\\\/mhinteriores.pt\\\/loja\\\/#\\\/schema\\\/logo\\\/image\\\/\"}}]}<\/script>\n<!-- \/ Yoast SEO Premium plugin. -->","yoast_head_json":{"title":"Arquivo de Sof\u00e1 - Loja Decora&ccedil;&atilde;o de Interiores","description":"O Sof\u00e1 \u00e9 a pe\u00e7a central da sua Sala de Estar, o local onde se relaxa, recebe visitas e passa momentos de lazer e conviv\u00eancia.","robots":{"index":"index","follow":"follow","max-snippet":"max-snippet:-1","max-image-preview":"max-image-preview:large","max-video-preview":"max-video-preview:-1"},"canonical":"https:\/\/mhinteriores.pt\/loja\/produto-categoria\/sala-de-estar\/sofa\/","og_locale":"pt_PT","og_type":"article","og_title":"Arquivo de Sof\u00e1","og_description":"O Sof\u00e1 \u00e9 a pe\u00e7a central da sua Sala de Estar, o local onde se relaxa, recebe visitas e passa momentos de lazer e conviv\u00eancia.","og_url":"https:\/\/mhinteriores.pt\/loja\/produto-categoria\/sala-de-estar\/sofa\/","og_site_name":"Loja Decora&ccedil;&atilde;o de Interiores","twitter_card":"summary_large_image","schema":{"@context":"https:\/\/schema.org","@graph":[{"@type":"CollectionPage","@id":"https:\/\/mhinteriores.pt\/loja\/produto-categoria\/sala-de-estar\/sofa\/","url":"https:\/\/mhinteriores.pt\/loja\/produto-categoria\/sala-de-estar\/sofa\/","name":"Arquivo de Sof\u00e1 - Loja Decora&ccedil;&atilde;o de Interiores","isPartOf":{"@id":"https:\/\/mhinteriores.pt\/loja\/#website"},"description":"O Sof\u00e1 \u00e9 a pe\u00e7a central da sua Sala de Estar, o local onde se relaxa, recebe visitas e passa momentos de lazer e conviv\u00eancia.","breadcrumb":{"@id":"https:\/\/mhinteriores.pt\/loja\/produto-categoria\/sala-de-estar\/sofa\/#breadcrumb"},"inLanguage":"pt-PT"},{"@type":"BreadcrumbList","@id":"https:\/\/mhinteriores.pt\/loja\/produto-categoria\/sala-de-estar\/sofa\/#breadcrumb","itemListElement":[{"@type":"ListItem","position":1,"name":"In\u00edcio","item":"https:\/\/mhinteriores.pt\/loja\/"},{"@type":"ListItem","position":2,"name":"Sala de Estar","item":"https:\/\/mhinteriores.pt\/loja\/produto-categoria\/sala-de-estar\/"},{"@type":"ListItem","position":3,"name":"Sof\u00e1"}]},{"@type":"WebSite","@id":"https:\/\/mhinteriores.pt\/loja\/#website","url":"https:\/\/mhinteriores.pt\/loja\/","name":"Loja de Decora\u00e7\u00e3o - MH Interiores","description":"MH Interiores","publisher":{"@id":"https:\/\/mhinteriores.pt\/loja\/#organization"},"potentialAction":[{"@type":"SearchAction","target":{"@type":"EntryPoint","urlTemplate":"https:\/\/mhinteriores.pt\/loja\/?s={search_term_string}"},"query-input":{"@type":"PropertyValueSpecification","valueRequired":true,"valueName":"search_term_string"}}],"inLanguage":"pt-PT"},{"@type":"Organization","@id":"https:\/\/mhinteriores.pt\/loja\/#organization","name":"Loja de Decora\u00e7\u00e3o - MH Interiores","url":"https:\/\/mhinteriores.pt\/loja\/","logo":{"@type":"ImageObject","inLanguage":"pt-PT","@id":"https:\/\/mhinteriores.pt\/loja\/#\/schema\/logo\/image\/","url":"https:\/\/mhinteriores.pt\/loja\/wp-content\/uploads\/2024\/12\/cropped-MH-Interiores.png","contentUrl":"https:\/\/mhinteriores.pt\/loja\/wp-content\/uploads\/2024\/12\/cropped-MH-Interiores.png","width":512,"height":512,"caption":"Loja de Decora\u00e7\u00e3o - MH Interiores"},"image":{"@id":"https:\/\/mhinteriores.pt\/loja\/#\/schema\/logo\/image\/"}}]}},"_links":{"self":[{"href":"https:\/\/mhinteriores.pt\/loja\/wp-json\/wp\/v2\/product_cat\/100","targetHints":{"allow":["GET"]}}],"collection":[{"href":"https:\/\/mhinteriores.pt\/loja\/wp-json\/wp\/v2\/product_cat"}],"about":[{"href":"https:\/\/mhinteriores.pt\/loja\/wp-json\/wp\/v2\/taxonomies\/product_cat"}],"up":[{"embeddable":true,"href":"https:\/\/mhinteriores.pt\/loja\/wp-json\/wp\/v2\/product_cat\/73"}],"wp:post_type":[{"href":"https:\/\/mhinteriores.pt\/loja\/wp-json\/wp\/v2\/product?product_cat=100"}],"curies":[{"name":"wp","href":"https:\/\/api.w.org\/{rel}","templated":true}]}}