{"id":101,"count":50,"description":"A <strong>Mesa de Centro<\/strong> \u00e9 o ponto de encontro da sua Sala de Estar, sendo uma pe\u00e7a essencial que combina funcionalidade e est\u00e9tica. \u00c9 o local ideal para colocar livros, revistas, copos ou outros objetos que utiliza no seu dia a dia. Al\u00e9m disso, \u00e9 um excelente espa\u00e7o para exibir elementos decorativos que refletem o seu estilo.\r\n\r\nNa <a href=\"http:\/\/mhinteriores.pt\"><strong>MH Interiores<\/strong><\/a>, temos uma vasta sele\u00e7\u00e3o de mesas de centro que variam em design, materiais e acabamentos. S\u00e3o perfeitas para se adaptar \u00e0 sua decora\u00e7\u00e3o e \u00e0s suas necessidades. Desde as op\u00e7\u00f5es mais modernas e arrojadas at\u00e9 as mais cl\u00e1ssicas e sofisticadas, as nossas mesas de centro s\u00e3o ideais para criar um ambiente acolhedor e bem organizado.\r\n\r\nCom tamanhos variados e designs que combinam com diferentes estilos de interiores, as nossas mesas de centro s\u00e3o funcionais e decorativas, proporcionando o equil\u00edbrio perfeito entre utilidade e estilo.\r\n\r\nExplore a nossa cole\u00e7\u00e3o de <strong>Mesas de Centro<\/strong> e adicione um toque de charme e praticidade \u00e0 sua sala de estar!","link":"https:\/\/mhinteriores.pt\/loja\/produto-categoria\/sala-de-estar\/mesa-de-centro\/","name":"Mesa de Centro","slug":"mesa-de-centro","taxonomy":"product_cat","parent":73,"meta":[],"menu_order":0,"yoast_head":"<!-- This site is optimized with the Yoast SEO Premium plugin v24.0 (Yoast SEO v27.4) - https:\/\/yoast.com\/product\/yoast-seo-premium-wordpress\/ -->\n<title>Arquivo de Mesa de Centro - Loja Decora&ccedil;&atilde;o de Interiores<\/title>\n<meta name=\"description\" content=\"A Mesa de Centro \u00e9 o ponto de encontro da sua Sala de Estar, sendo uma pe\u00e7a essencial que combina funcionalidade e est\u00e9tica.\" \/>\n<meta name=\"robots\" content=\"index, follow, max-snippet:-1, max-image-preview:large, max-video-preview:-1\" \/>\n<link rel=\"canonical\" href=\"https:\/\/mhinteriores.pt\/loja\/produto-categoria\/sala-de-estar\/mesa-de-centro\/\" \/>\n<meta property=\"og:locale\" content=\"pt_PT\" \/>\n<meta property=\"og:type\" content=\"article\" \/>\n<meta property=\"og:title\" content=\"Arquivo de Mesa de Centro\" \/>\n<meta property=\"og:description\" content=\"A Mesa de Centro \u00e9 o ponto de encontro da sua Sala de Estar, sendo uma pe\u00e7a essencial que combina funcionalidade e est\u00e9tica.\" \/>\n<meta property=\"og:url\" content=\"https:\/\/mhinteriores.pt\/loja\/produto-categoria\/sala-de-estar\/mesa-de-centro\/\" \/>\n<meta property=\"og:site_name\" content=\"Loja Decora&ccedil;&atilde;o de Interiores\" \/>\n<meta name=\"twitter:card\" content=\"summary_large_image\" \/>\n<script type=\"application\/ld+json\" class=\"yoast-schema-graph\">{\"@context\":\"https:\\\/\\\/schema.org\",\"@graph\":[{\"@type\":\"CollectionPage\",\"@id\":\"https:\\\/\\\/mhinteriores.pt\\\/loja\\\/produto-categoria\\\/sala-de-estar\\\/mesa-de-centro\\\/\",\"url\":\"https:\\\/\\\/mhinteriores.pt\\\/loja\\\/produto-categoria\\\/sala-de-estar\\\/mesa-de-centro\\\/\",\"name\":\"Arquivo de Mesa de Centro - Loja Decora&ccedil;&atilde;o de Interiores\",\"isPartOf\":{\"@id\":\"https:\\\/\\\/mhinteriores.pt\\\/loja\\\/#website\"},\"description\":\"A Mesa de Centro \u00e9 o ponto de encontro da sua Sala de Estar, sendo uma pe\u00e7a essencial que combina funcionalidade e est\u00e9tica.\",\"breadcrumb\":{\"@id\":\"https:\\\/\\\/mhinteriores.pt\\\/loja\\\/produto-categoria\\\/sala-de-estar\\\/mesa-de-centro\\\/#breadcrumb\"},\"inLanguage\":\"pt-PT\"},{\"@type\":\"BreadcrumbList\",\"@id\":\"https:\\\/\\\/mhinteriores.pt\\\/loja\\\/produto-categoria\\\/sala-de-estar\\\/mesa-de-centro\\\/#breadcrumb\",\"itemListElement\":[{\"@type\":\"ListItem\",\"position\":1,\"name\":\"In\u00edcio\",\"item\":\"https:\\\/\\\/mhinteriores.pt\\\/loja\\\/\"},{\"@type\":\"ListItem\",\"position\":2,\"name\":\"Sala de Estar\",\"item\":\"https:\\\/\\\/mhinteriores.pt\\\/loja\\\/produto-categoria\\\/sala-de-estar\\\/\"},{\"@type\":\"ListItem\",\"position\":3,\"name\":\"Mesa de Centro\"}]},{\"@type\":\"WebSite\",\"@id\":\"https:\\\/\\\/mhinteriores.pt\\\/loja\\\/#website\",\"url\":\"https:\\\/\\\/mhinteriores.pt\\\/loja\\\/\",\"name\":\"Loja de Decora\u00e7\u00e3o - MH Interiores\",\"description\":\"MH Interiores\",\"publisher\":{\"@id\":\"https:\\\/\\\/mhinteriores.pt\\\/loja\\\/#organization\"},\"potentialAction\":[{\"@type\":\"SearchAction\",\"target\":{\"@type\":\"EntryPoint\",\"urlTemplate\":\"https:\\\/\\\/mhinteriores.pt\\\/loja\\\/?s={search_term_string}\"},\"query-input\":{\"@type\":\"PropertyValueSpecification\",\"valueRequired\":true,\"valueName\":\"search_term_string\"}}],\"inLanguage\":\"pt-PT\"},{\"@type\":\"Organization\",\"@id\":\"https:\\\/\\\/mhinteriores.pt\\\/loja\\\/#organization\",\"name\":\"Loja de Decora\u00e7\u00e3o - MH Interiores\",\"url\":\"https:\\\/\\\/mhinteriores.pt\\\/loja\\\/\",\"logo\":{\"@type\":\"ImageObject\",\"inLanguage\":\"pt-PT\",\"@id\":\"https:\\\/\\\/mhinteriores.pt\\\/loja\\\/#\\\/schema\\\/logo\\\/image\\\/\",\"url\":\"https:\\\/\\\/mhinteriores.pt\\\/loja\\\/wp-content\\\/uploads\\\/2024\\\/12\\\/cropped-MH-Interiores.png\",\"contentUrl\":\"https:\\\/\\\/mhinteriores.pt\\\/loja\\\/wp-content\\\/uploads\\\/2024\\\/12\\\/cropped-MH-Interiores.png\",\"width\":512,\"height\":512,\"caption\":\"Loja de Decora\u00e7\u00e3o - MH Interiores\"},\"image\":{\"@id\":\"https:\\\/\\\/mhinteriores.pt\\\/loja\\\/#\\\/schema\\\/logo\\\/image\\\/\"}}]}<\/script>\n<!-- \/ Yoast SEO Premium plugin. -->","yoast_head_json":{"title":"Arquivo de Mesa de Centro - Loja Decora&ccedil;&atilde;o de Interiores","description":"A Mesa de Centro \u00e9 o ponto de encontro da sua Sala de Estar, sendo uma pe\u00e7a essencial que combina funcionalidade e est\u00e9tica.","robots":{"index":"index","follow":"follow","max-snippet":"max-snippet:-1","max-image-preview":"max-image-preview:large","max-video-preview":"max-video-preview:-1"},"canonical":"https:\/\/mhinteriores.pt\/loja\/produto-categoria\/sala-de-estar\/mesa-de-centro\/","og_locale":"pt_PT","og_type":"article","og_title":"Arquivo de Mesa de Centro","og_description":"A Mesa de Centro \u00e9 o ponto de encontro da sua Sala de Estar, sendo uma pe\u00e7a essencial que combina funcionalidade e est\u00e9tica.","og_url":"https:\/\/mhinteriores.pt\/loja\/produto-categoria\/sala-de-estar\/mesa-de-centro\/","og_site_name":"Loja Decora&ccedil;&atilde;o de Interiores","twitter_card":"summary_large_image","schema":{"@context":"https:\/\/schema.org","@graph":[{"@type":"CollectionPage","@id":"https:\/\/mhinteriores.pt\/loja\/produto-categoria\/sala-de-estar\/mesa-de-centro\/","url":"https:\/\/mhinteriores.pt\/loja\/produto-categoria\/sala-de-estar\/mesa-de-centro\/","name":"Arquivo de Mesa de Centro - Loja Decora&ccedil;&atilde;o de Interiores","isPartOf":{"@id":"https:\/\/mhinteriores.pt\/loja\/#website"},"description":"A Mesa de Centro \u00e9 o ponto de encontro da sua Sala de Estar, sendo uma pe\u00e7a essencial que combina funcionalidade e est\u00e9tica.","breadcrumb":{"@id":"https:\/\/mhinteriores.pt\/loja\/produto-categoria\/sala-de-estar\/mesa-de-centro\/#breadcrumb"},"inLanguage":"pt-PT"},{"@type":"BreadcrumbList","@id":"https:\/\/mhinteriores.pt\/loja\/produto-categoria\/sala-de-estar\/mesa-de-centro\/#breadcrumb","itemListElement":[{"@type":"ListItem","position":1,"name":"In\u00edcio","item":"https:\/\/mhinteriores.pt\/loja\/"},{"@type":"ListItem","position":2,"name":"Sala de Estar","item":"https:\/\/mhinteriores.pt\/loja\/produto-categoria\/sala-de-estar\/"},{"@type":"ListItem","position":3,"name":"Mesa de Centro"}]},{"@type":"WebSite","@id":"https:\/\/mhinteriores.pt\/loja\/#website","url":"https:\/\/mhinteriores.pt\/loja\/","name":"Loja de Decora\u00e7\u00e3o - MH Interiores","description":"MH Interiores","publisher":{"@id":"https:\/\/mhinteriores.pt\/loja\/#organization"},"potentialAction":[{"@type":"SearchAction","target":{"@type":"EntryPoint","urlTemplate":"https:\/\/mhinteriores.pt\/loja\/?s={search_term_string}"},"query-input":{"@type":"PropertyValueSpecification","valueRequired":true,"valueName":"search_term_string"}}],"inLanguage":"pt-PT"},{"@type":"Organization","@id":"https:\/\/mhinteriores.pt\/loja\/#organization","name":"Loja de Decora\u00e7\u00e3o - MH Interiores","url":"https:\/\/mhinteriores.pt\/loja\/","logo":{"@type":"ImageObject","inLanguage":"pt-PT","@id":"https:\/\/mhinteriores.pt\/loja\/#\/schema\/logo\/image\/","url":"https:\/\/mhinteriores.pt\/loja\/wp-content\/uploads\/2024\/12\/cropped-MH-Interiores.png","contentUrl":"https:\/\/mhinteriores.pt\/loja\/wp-content\/uploads\/2024\/12\/cropped-MH-Interiores.png","width":512,"height":512,"caption":"Loja de Decora\u00e7\u00e3o - MH Interiores"},"image":{"@id":"https:\/\/mhinteriores.pt\/loja\/#\/schema\/logo\/image\/"}}]}},"_links":{"self":[{"href":"https:\/\/mhinteriores.pt\/loja\/wp-json\/wp\/v2\/product_cat\/101","targetHints":{"allow":["GET"]}}],"collection":[{"href":"https:\/\/mhinteriores.pt\/loja\/wp-json\/wp\/v2\/product_cat"}],"about":[{"href":"https:\/\/mhinteriores.pt\/loja\/wp-json\/wp\/v2\/taxonomies\/product_cat"}],"up":[{"embeddable":true,"href":"https:\/\/mhinteriores.pt\/loja\/wp-json\/wp\/v2\/product_cat\/73"}],"wp:post_type":[{"href":"https:\/\/mhinteriores.pt\/loja\/wp-json\/wp\/v2\/product?product_cat=101"}],"curies":[{"name":"wp","href":"https:\/\/api.w.org\/{rel}","templated":true}]}}