{"id":103,"count":2,"description":"O <strong>M\u00f3vel TV<\/strong> \u00e9 um elemento essencial na sua Sala de Estar, n\u00e3o s\u00f3 para apoiar a televis\u00e3o, mas tamb\u00e9m para organizar eletr\u00f3nicos e acess\u00f3rios, como consolas de jogos, aparelhos de som ou outros dispositivos. Na <a href=\"http:\/\/mhinteriores.pt\"><strong>MH Interiores<\/strong><\/a>, oferecemos uma sele\u00e7\u00e3o de m\u00f3veis para TV que combinam funcionalidade e design elegante. Proporcionam um espa\u00e7o arrumado e moderno.\r\n\r\nDispon\u00edveis em diferentes estilos, desde os mais contempor\u00e2neos e minimalistas at\u00e9 os mais cl\u00e1ssicos e sofisticados. Os nossos m\u00f3veis de TV integram perfeitamente em qualquer ambiente. Oferecem amplos espa\u00e7os de armazenamento para manter tudo organizado e acess\u00edvel. Seja em formato de aparador, bancada ou m\u00f3vel suspenso, cada pe\u00e7a otimiza o seu espa\u00e7o. Mant\u00e9m a sua sala de estar funcional e cheia de estilo.\r\n\r\nCom materiais de alta qualidade e acabamentos detalhados, os nossos m\u00f3veis de TV n\u00e3o s\u00f3 oferecem praticidade, como tamb\u00e9m se tornam uma pe\u00e7a central de decora\u00e7\u00e3o. Complementam o design do seu espa\u00e7o.\r\n\r\nExplore a nossa cole\u00e7\u00e3o de <strong>M\u00f3veis para TV<\/strong> e descubra como unir organiza\u00e7\u00e3o e eleg\u00e2ncia na sua sala de estar!","link":"https:\/\/mhinteriores.pt\/loja\/produto-categoria\/sala-de-estar\/movel-tv\/","name":"M\u00f3vel TV","slug":"movel-tv","taxonomy":"product_cat","parent":73,"meta":[],"menu_order":0,"yoast_head":"<!-- This site is optimized with the Yoast SEO Premium plugin v24.0 (Yoast SEO v27.4) - https:\/\/yoast.com\/product\/yoast-seo-premium-wordpress\/ -->\n<title>Arquivo de M\u00f3vel TV - Loja Decora&ccedil;&atilde;o de Interiores<\/title>\n<meta name=\"description\" content=\"O M\u00f3vel TV \u00e9 um elemento essencial na sua Sala de Estar, n\u00e3o s\u00f3 para apoiar a televis\u00e3o, mas tamb\u00e9m para organizar eletr\u00f3nicos e acess\u00f3rios\" \/>\n<meta name=\"robots\" content=\"index, follow, max-snippet:-1, max-image-preview:large, max-video-preview:-1\" \/>\n<link rel=\"canonical\" href=\"https:\/\/mhinteriores.pt\/loja\/produto-categoria\/sala-de-estar\/movel-tv\/\" \/>\n<meta property=\"og:locale\" content=\"pt_PT\" \/>\n<meta property=\"og:type\" content=\"article\" \/>\n<meta property=\"og:title\" content=\"Arquivo de M\u00f3vel TV\" \/>\n<meta property=\"og:description\" content=\"O M\u00f3vel TV \u00e9 um elemento essencial na sua Sala de Estar, n\u00e3o s\u00f3 para apoiar a televis\u00e3o, mas tamb\u00e9m para organizar eletr\u00f3nicos e acess\u00f3rios\" \/>\n<meta property=\"og:url\" content=\"https:\/\/mhinteriores.pt\/loja\/produto-categoria\/sala-de-estar\/movel-tv\/\" \/>\n<meta property=\"og:site_name\" content=\"Loja Decora&ccedil;&atilde;o de Interiores\" \/>\n<meta name=\"twitter:card\" content=\"summary_large_image\" \/>\n<script type=\"application\/ld+json\" class=\"yoast-schema-graph\">{\"@context\":\"https:\\\/\\\/schema.org\",\"@graph\":[{\"@type\":\"CollectionPage\",\"@id\":\"https:\\\/\\\/mhinteriores.pt\\\/loja\\\/produto-categoria\\\/sala-de-estar\\\/movel-tv\\\/\",\"url\":\"https:\\\/\\\/mhinteriores.pt\\\/loja\\\/produto-categoria\\\/sala-de-estar\\\/movel-tv\\\/\",\"name\":\"Arquivo de M\u00f3vel TV - Loja Decora&ccedil;&atilde;o de Interiores\",\"isPartOf\":{\"@id\":\"https:\\\/\\\/mhinteriores.pt\\\/loja\\\/#website\"},\"description\":\"O M\u00f3vel TV \u00e9 um elemento essencial na sua Sala de Estar, n\u00e3o s\u00f3 para apoiar a televis\u00e3o, mas tamb\u00e9m para organizar eletr\u00f3nicos e acess\u00f3rios\",\"breadcrumb\":{\"@id\":\"https:\\\/\\\/mhinteriores.pt\\\/loja\\\/produto-categoria\\\/sala-de-estar\\\/movel-tv\\\/#breadcrumb\"},\"inLanguage\":\"pt-PT\"},{\"@type\":\"BreadcrumbList\",\"@id\":\"https:\\\/\\\/mhinteriores.pt\\\/loja\\\/produto-categoria\\\/sala-de-estar\\\/movel-tv\\\/#breadcrumb\",\"itemListElement\":[{\"@type\":\"ListItem\",\"position\":1,\"name\":\"In\u00edcio\",\"item\":\"https:\\\/\\\/mhinteriores.pt\\\/loja\\\/\"},{\"@type\":\"ListItem\",\"position\":2,\"name\":\"Sala de Estar\",\"item\":\"https:\\\/\\\/mhinteriores.pt\\\/loja\\\/produto-categoria\\\/sala-de-estar\\\/\"},{\"@type\":\"ListItem\",\"position\":3,\"name\":\"M\u00f3vel TV\"}]},{\"@type\":\"WebSite\",\"@id\":\"https:\\\/\\\/mhinteriores.pt\\\/loja\\\/#website\",\"url\":\"https:\\\/\\\/mhinteriores.pt\\\/loja\\\/\",\"name\":\"Loja de Decora\u00e7\u00e3o - MH Interiores\",\"description\":\"MH Interiores\",\"publisher\":{\"@id\":\"https:\\\/\\\/mhinteriores.pt\\\/loja\\\/#organization\"},\"potentialAction\":[{\"@type\":\"SearchAction\",\"target\":{\"@type\":\"EntryPoint\",\"urlTemplate\":\"https:\\\/\\\/mhinteriores.pt\\\/loja\\\/?s={search_term_string}\"},\"query-input\":{\"@type\":\"PropertyValueSpecification\",\"valueRequired\":true,\"valueName\":\"search_term_string\"}}],\"inLanguage\":\"pt-PT\"},{\"@type\":\"Organization\",\"@id\":\"https:\\\/\\\/mhinteriores.pt\\\/loja\\\/#organization\",\"name\":\"Loja de Decora\u00e7\u00e3o - MH Interiores\",\"url\":\"https:\\\/\\\/mhinteriores.pt\\\/loja\\\/\",\"logo\":{\"@type\":\"ImageObject\",\"inLanguage\":\"pt-PT\",\"@id\":\"https:\\\/\\\/mhinteriores.pt\\\/loja\\\/#\\\/schema\\\/logo\\\/image\\\/\",\"url\":\"https:\\\/\\\/mhinteriores.pt\\\/loja\\\/wp-content\\\/uploads\\\/2024\\\/12\\\/cropped-MH-Interiores.png\",\"contentUrl\":\"https:\\\/\\\/mhinteriores.pt\\\/loja\\\/wp-content\\\/uploads\\\/2024\\\/12\\\/cropped-MH-Interiores.png\",\"width\":512,\"height\":512,\"caption\":\"Loja de Decora\u00e7\u00e3o - MH Interiores\"},\"image\":{\"@id\":\"https:\\\/\\\/mhinteriores.pt\\\/loja\\\/#\\\/schema\\\/logo\\\/image\\\/\"}}]}<\/script>\n<!-- \/ Yoast SEO Premium plugin. -->","yoast_head_json":{"title":"Arquivo de M\u00f3vel TV - Loja Decora&ccedil;&atilde;o de Interiores","description":"O M\u00f3vel TV \u00e9 um elemento essencial na sua Sala de Estar, n\u00e3o s\u00f3 para apoiar a televis\u00e3o, mas tamb\u00e9m para organizar eletr\u00f3nicos e acess\u00f3rios","robots":{"index":"index","follow":"follow","max-snippet":"max-snippet:-1","max-image-preview":"max-image-preview:large","max-video-preview":"max-video-preview:-1"},"canonical":"https:\/\/mhinteriores.pt\/loja\/produto-categoria\/sala-de-estar\/movel-tv\/","og_locale":"pt_PT","og_type":"article","og_title":"Arquivo de M\u00f3vel TV","og_description":"O M\u00f3vel TV \u00e9 um elemento essencial na sua Sala de Estar, n\u00e3o s\u00f3 para apoiar a televis\u00e3o, mas tamb\u00e9m para organizar eletr\u00f3nicos e acess\u00f3rios","og_url":"https:\/\/mhinteriores.pt\/loja\/produto-categoria\/sala-de-estar\/movel-tv\/","og_site_name":"Loja Decora&ccedil;&atilde;o de Interiores","twitter_card":"summary_large_image","schema":{"@context":"https:\/\/schema.org","@graph":[{"@type":"CollectionPage","@id":"https:\/\/mhinteriores.pt\/loja\/produto-categoria\/sala-de-estar\/movel-tv\/","url":"https:\/\/mhinteriores.pt\/loja\/produto-categoria\/sala-de-estar\/movel-tv\/","name":"Arquivo de M\u00f3vel TV - Loja Decora&ccedil;&atilde;o de Interiores","isPartOf":{"@id":"https:\/\/mhinteriores.pt\/loja\/#website"},"description":"O M\u00f3vel TV \u00e9 um elemento essencial na sua Sala de Estar, n\u00e3o s\u00f3 para apoiar a televis\u00e3o, mas tamb\u00e9m para organizar eletr\u00f3nicos e acess\u00f3rios","breadcrumb":{"@id":"https:\/\/mhinteriores.pt\/loja\/produto-categoria\/sala-de-estar\/movel-tv\/#breadcrumb"},"inLanguage":"pt-PT"},{"@type":"BreadcrumbList","@id":"https:\/\/mhinteriores.pt\/loja\/produto-categoria\/sala-de-estar\/movel-tv\/#breadcrumb","itemListElement":[{"@type":"ListItem","position":1,"name":"In\u00edcio","item":"https:\/\/mhinteriores.pt\/loja\/"},{"@type":"ListItem","position":2,"name":"Sala de Estar","item":"https:\/\/mhinteriores.pt\/loja\/produto-categoria\/sala-de-estar\/"},{"@type":"ListItem","position":3,"name":"M\u00f3vel TV"}]},{"@type":"WebSite","@id":"https:\/\/mhinteriores.pt\/loja\/#website","url":"https:\/\/mhinteriores.pt\/loja\/","name":"Loja de Decora\u00e7\u00e3o - MH Interiores","description":"MH Interiores","publisher":{"@id":"https:\/\/mhinteriores.pt\/loja\/#organization"},"potentialAction":[{"@type":"SearchAction","target":{"@type":"EntryPoint","urlTemplate":"https:\/\/mhinteriores.pt\/loja\/?s={search_term_string}"},"query-input":{"@type":"PropertyValueSpecification","valueRequired":true,"valueName":"search_term_string"}}],"inLanguage":"pt-PT"},{"@type":"Organization","@id":"https:\/\/mhinteriores.pt\/loja\/#organization","name":"Loja de Decora\u00e7\u00e3o - MH Interiores","url":"https:\/\/mhinteriores.pt\/loja\/","logo":{"@type":"ImageObject","inLanguage":"pt-PT","@id":"https:\/\/mhinteriores.pt\/loja\/#\/schema\/logo\/image\/","url":"https:\/\/mhinteriores.pt\/loja\/wp-content\/uploads\/2024\/12\/cropped-MH-Interiores.png","contentUrl":"https:\/\/mhinteriores.pt\/loja\/wp-content\/uploads\/2024\/12\/cropped-MH-Interiores.png","width":512,"height":512,"caption":"Loja de Decora\u00e7\u00e3o - MH Interiores"},"image":{"@id":"https:\/\/mhinteriores.pt\/loja\/#\/schema\/logo\/image\/"}}]}},"_links":{"self":[{"href":"https:\/\/mhinteriores.pt\/loja\/wp-json\/wp\/v2\/product_cat\/103","targetHints":{"allow":["GET"]}}],"collection":[{"href":"https:\/\/mhinteriores.pt\/loja\/wp-json\/wp\/v2\/product_cat"}],"about":[{"href":"https:\/\/mhinteriores.pt\/loja\/wp-json\/wp\/v2\/taxonomies\/product_cat"}],"up":[{"embeddable":true,"href":"https:\/\/mhinteriores.pt\/loja\/wp-json\/wp\/v2\/product_cat\/73"}],"wp:post_type":[{"href":"https:\/\/mhinteriores.pt\/loja\/wp-json\/wp\/v2\/product?product_cat=103"}],"curies":[{"name":"wp","href":"https:\/\/api.w.org\/{rel}","templated":true}]}}