{"id":104,"count":5,"description":"O <strong>M\u00f3vel de Apoio<\/strong> \u00e9 uma pe\u00e7a essencial para complementar a decora\u00e7\u00e3o e organiza\u00e7\u00e3o da sua Sala de Estar. Proporciona armazenamento extra e um toque de estilo ao ambiente. Na <a href=\"http:\/\/mhinteriores.pt\"><strong>MH Interiores<\/strong>,<\/a> oferecemos uma sele\u00e7\u00e3o de m\u00f3veis de apoio que mant\u00eam a sua sala arrumada. Ao mesmo tempo adicionam um elemento decorativo ao espa\u00e7o.\r\n\r\nCom diferentes designs e acabamentos, os nossos m\u00f3veis de apoio s\u00e3o vers\u00e1teis e funcionais. Dessa forma, s\u00e3o ideais para armazenar objetos como controles remotos, livros, utens\u00edlios de decora\u00e7\u00e3o ou at\u00e9 mesmo para apoiar uma l\u00e2mpada ou planta. Seja um aparador, um m\u00f3vel de canto ou um pequeno arm\u00e1rio, cada pe\u00e7a combina praticidade e eleg\u00e2ncia. Ajuda a criar um ambiente harmonioso.\r\n\r\nAl\u00e9m de sua funcionalidade, os nossos m\u00f3veis de apoio projetam-se para se adaptarem aos mais diversos estilos, desde os mais modernos e minimalistas at\u00e9 os mais tradicionais e acolhedores.\r\n\r\nExplore a nossa cole\u00e7\u00e3o de <strong>M\u00f3veis de Apoio<\/strong> e descubra como esta pe\u00e7a pode otimizar o seu espa\u00e7o e trazer um toque de sofistica\u00e7\u00e3o \u00e0 sua sala de estar!","link":"https:\/\/mhinteriores.pt\/loja\/produto-categoria\/sala-de-estar\/movel-de-apoio\/","name":"M\u00f3vel de Apoio","slug":"movel-de-apoio","taxonomy":"product_cat","parent":73,"meta":[],"menu_order":0,"yoast_head":"<!-- This site is optimized with the Yoast SEO Premium plugin v24.0 (Yoast SEO v27.4) - https:\/\/yoast.com\/product\/yoast-seo-premium-wordpress\/ -->\n<title>Arquivo de M\u00f3vel de Apoio - Loja Decora&ccedil;&atilde;o de Interiores<\/title>\n<meta name=\"description\" content=\"O M\u00f3vel de Apoio \u00e9 uma pe\u00e7a essencial para complementar a decora\u00e7\u00e3o e organiza\u00e7\u00e3o da sua Sala de Estar.\" \/>\n<meta name=\"robots\" content=\"index, follow, max-snippet:-1, max-image-preview:large, max-video-preview:-1\" \/>\n<link rel=\"canonical\" href=\"https:\/\/mhinteriores.pt\/loja\/produto-categoria\/sala-de-estar\/movel-de-apoio\/\" \/>\n<meta property=\"og:locale\" content=\"pt_PT\" \/>\n<meta property=\"og:type\" content=\"article\" \/>\n<meta property=\"og:title\" content=\"Arquivo de M\u00f3vel de Apoio\" \/>\n<meta property=\"og:description\" content=\"O M\u00f3vel de Apoio \u00e9 uma pe\u00e7a essencial para complementar a decora\u00e7\u00e3o e organiza\u00e7\u00e3o da sua Sala de Estar.\" \/>\n<meta property=\"og:url\" content=\"https:\/\/mhinteriores.pt\/loja\/produto-categoria\/sala-de-estar\/movel-de-apoio\/\" \/>\n<meta property=\"og:site_name\" content=\"Loja Decora&ccedil;&atilde;o de Interiores\" \/>\n<meta name=\"twitter:card\" content=\"summary_large_image\" \/>\n<script type=\"application\/ld+json\" class=\"yoast-schema-graph\">{\"@context\":\"https:\\\/\\\/schema.org\",\"@graph\":[{\"@type\":\"CollectionPage\",\"@id\":\"https:\\\/\\\/mhinteriores.pt\\\/loja\\\/produto-categoria\\\/sala-de-estar\\\/movel-de-apoio\\\/\",\"url\":\"https:\\\/\\\/mhinteriores.pt\\\/loja\\\/produto-categoria\\\/sala-de-estar\\\/movel-de-apoio\\\/\",\"name\":\"Arquivo de M\u00f3vel de Apoio - Loja Decora&ccedil;&atilde;o de Interiores\",\"isPartOf\":{\"@id\":\"https:\\\/\\\/mhinteriores.pt\\\/loja\\\/#website\"},\"description\":\"O M\u00f3vel de Apoio \u00e9 uma pe\u00e7a essencial para complementar a decora\u00e7\u00e3o e organiza\u00e7\u00e3o da sua Sala de Estar.\",\"breadcrumb\":{\"@id\":\"https:\\\/\\\/mhinteriores.pt\\\/loja\\\/produto-categoria\\\/sala-de-estar\\\/movel-de-apoio\\\/#breadcrumb\"},\"inLanguage\":\"pt-PT\"},{\"@type\":\"BreadcrumbList\",\"@id\":\"https:\\\/\\\/mhinteriores.pt\\\/loja\\\/produto-categoria\\\/sala-de-estar\\\/movel-de-apoio\\\/#breadcrumb\",\"itemListElement\":[{\"@type\":\"ListItem\",\"position\":1,\"name\":\"In\u00edcio\",\"item\":\"https:\\\/\\\/mhinteriores.pt\\\/loja\\\/\"},{\"@type\":\"ListItem\",\"position\":2,\"name\":\"Sala de Estar\",\"item\":\"https:\\\/\\\/mhinteriores.pt\\\/loja\\\/produto-categoria\\\/sala-de-estar\\\/\"},{\"@type\":\"ListItem\",\"position\":3,\"name\":\"M\u00f3vel de Apoio\"}]},{\"@type\":\"WebSite\",\"@id\":\"https:\\\/\\\/mhinteriores.pt\\\/loja\\\/#website\",\"url\":\"https:\\\/\\\/mhinteriores.pt\\\/loja\\\/\",\"name\":\"Loja de Decora\u00e7\u00e3o - MH Interiores\",\"description\":\"MH Interiores\",\"publisher\":{\"@id\":\"https:\\\/\\\/mhinteriores.pt\\\/loja\\\/#organization\"},\"potentialAction\":[{\"@type\":\"SearchAction\",\"target\":{\"@type\":\"EntryPoint\",\"urlTemplate\":\"https:\\\/\\\/mhinteriores.pt\\\/loja\\\/?s={search_term_string}\"},\"query-input\":{\"@type\":\"PropertyValueSpecification\",\"valueRequired\":true,\"valueName\":\"search_term_string\"}}],\"inLanguage\":\"pt-PT\"},{\"@type\":\"Organization\",\"@id\":\"https:\\\/\\\/mhinteriores.pt\\\/loja\\\/#organization\",\"name\":\"Loja de Decora\u00e7\u00e3o - MH Interiores\",\"url\":\"https:\\\/\\\/mhinteriores.pt\\\/loja\\\/\",\"logo\":{\"@type\":\"ImageObject\",\"inLanguage\":\"pt-PT\",\"@id\":\"https:\\\/\\\/mhinteriores.pt\\\/loja\\\/#\\\/schema\\\/logo\\\/image\\\/\",\"url\":\"https:\\\/\\\/mhinteriores.pt\\\/loja\\\/wp-content\\\/uploads\\\/2024\\\/12\\\/cropped-MH-Interiores.png\",\"contentUrl\":\"https:\\\/\\\/mhinteriores.pt\\\/loja\\\/wp-content\\\/uploads\\\/2024\\\/12\\\/cropped-MH-Interiores.png\",\"width\":512,\"height\":512,\"caption\":\"Loja de Decora\u00e7\u00e3o - MH Interiores\"},\"image\":{\"@id\":\"https:\\\/\\\/mhinteriores.pt\\\/loja\\\/#\\\/schema\\\/logo\\\/image\\\/\"}}]}<\/script>\n<!-- \/ Yoast SEO Premium plugin. -->","yoast_head_json":{"title":"Arquivo de M\u00f3vel de Apoio - Loja Decora&ccedil;&atilde;o de Interiores","description":"O M\u00f3vel de Apoio \u00e9 uma pe\u00e7a essencial para complementar a decora\u00e7\u00e3o e organiza\u00e7\u00e3o da sua Sala de Estar.","robots":{"index":"index","follow":"follow","max-snippet":"max-snippet:-1","max-image-preview":"max-image-preview:large","max-video-preview":"max-video-preview:-1"},"canonical":"https:\/\/mhinteriores.pt\/loja\/produto-categoria\/sala-de-estar\/movel-de-apoio\/","og_locale":"pt_PT","og_type":"article","og_title":"Arquivo de M\u00f3vel de Apoio","og_description":"O M\u00f3vel de Apoio \u00e9 uma pe\u00e7a essencial para complementar a decora\u00e7\u00e3o e organiza\u00e7\u00e3o da sua Sala de Estar.","og_url":"https:\/\/mhinteriores.pt\/loja\/produto-categoria\/sala-de-estar\/movel-de-apoio\/","og_site_name":"Loja Decora&ccedil;&atilde;o de Interiores","twitter_card":"summary_large_image","schema":{"@context":"https:\/\/schema.org","@graph":[{"@type":"CollectionPage","@id":"https:\/\/mhinteriores.pt\/loja\/produto-categoria\/sala-de-estar\/movel-de-apoio\/","url":"https:\/\/mhinteriores.pt\/loja\/produto-categoria\/sala-de-estar\/movel-de-apoio\/","name":"Arquivo de M\u00f3vel de Apoio - Loja Decora&ccedil;&atilde;o de Interiores","isPartOf":{"@id":"https:\/\/mhinteriores.pt\/loja\/#website"},"description":"O M\u00f3vel de Apoio \u00e9 uma pe\u00e7a essencial para complementar a decora\u00e7\u00e3o e organiza\u00e7\u00e3o da sua Sala de Estar.","breadcrumb":{"@id":"https:\/\/mhinteriores.pt\/loja\/produto-categoria\/sala-de-estar\/movel-de-apoio\/#breadcrumb"},"inLanguage":"pt-PT"},{"@type":"BreadcrumbList","@id":"https:\/\/mhinteriores.pt\/loja\/produto-categoria\/sala-de-estar\/movel-de-apoio\/#breadcrumb","itemListElement":[{"@type":"ListItem","position":1,"name":"In\u00edcio","item":"https:\/\/mhinteriores.pt\/loja\/"},{"@type":"ListItem","position":2,"name":"Sala de Estar","item":"https:\/\/mhinteriores.pt\/loja\/produto-categoria\/sala-de-estar\/"},{"@type":"ListItem","position":3,"name":"M\u00f3vel de Apoio"}]},{"@type":"WebSite","@id":"https:\/\/mhinteriores.pt\/loja\/#website","url":"https:\/\/mhinteriores.pt\/loja\/","name":"Loja de Decora\u00e7\u00e3o - MH Interiores","description":"MH Interiores","publisher":{"@id":"https:\/\/mhinteriores.pt\/loja\/#organization"},"potentialAction":[{"@type":"SearchAction","target":{"@type":"EntryPoint","urlTemplate":"https:\/\/mhinteriores.pt\/loja\/?s={search_term_string}"},"query-input":{"@type":"PropertyValueSpecification","valueRequired":true,"valueName":"search_term_string"}}],"inLanguage":"pt-PT"},{"@type":"Organization","@id":"https:\/\/mhinteriores.pt\/loja\/#organization","name":"Loja de Decora\u00e7\u00e3o - MH Interiores","url":"https:\/\/mhinteriores.pt\/loja\/","logo":{"@type":"ImageObject","inLanguage":"pt-PT","@id":"https:\/\/mhinteriores.pt\/loja\/#\/schema\/logo\/image\/","url":"https:\/\/mhinteriores.pt\/loja\/wp-content\/uploads\/2024\/12\/cropped-MH-Interiores.png","contentUrl":"https:\/\/mhinteriores.pt\/loja\/wp-content\/uploads\/2024\/12\/cropped-MH-Interiores.png","width":512,"height":512,"caption":"Loja de Decora\u00e7\u00e3o - MH Interiores"},"image":{"@id":"https:\/\/mhinteriores.pt\/loja\/#\/schema\/logo\/image\/"}}]}},"_links":{"self":[{"href":"https:\/\/mhinteriores.pt\/loja\/wp-json\/wp\/v2\/product_cat\/104","targetHints":{"allow":["GET"]}}],"collection":[{"href":"https:\/\/mhinteriores.pt\/loja\/wp-json\/wp\/v2\/product_cat"}],"about":[{"href":"https:\/\/mhinteriores.pt\/loja\/wp-json\/wp\/v2\/taxonomies\/product_cat"}],"up":[{"embeddable":true,"href":"https:\/\/mhinteriores.pt\/loja\/wp-json\/wp\/v2\/product_cat\/73"}],"wp:post_type":[{"href":"https:\/\/mhinteriores.pt\/loja\/wp-json\/wp\/v2\/product?product_cat=104"}],"curies":[{"name":"wp","href":"https:\/\/api.w.org\/{rel}","templated":true}]}}