{"id":73,"count":0,"description":"A <strong>Sala de Estar<\/strong> \u00e9 o cora\u00e7\u00e3o da sua casa, o local onde se re\u00fane com a fam\u00edlia, recebe amigos e relaxa ao final do dia. Na <a href=\"http:\/\/mhinteriores.pt\"><strong>MH Interiores<\/strong><\/a>, oferecemos uma vasta gama de m\u00f3veis e acess\u00f3rios que transformam a sua sala de estar num espa\u00e7o acolhedor, elegante e funcional, valorizando a sua decora\u00e7\u00e3o.\r\n\r\nSeja para criar um ambiente moderno e minimalista, ou para apostar numa decora\u00e7\u00e3o mais cl\u00e1ssica e aconchegante. Temos op\u00e7\u00f5es que se adaptam a todos os estilos. Sof\u00e1s confort\u00e1veis, mesas de centro elegantes, estantes pr\u00e1ticas, cadeiras de design e muitos outros itens selecionam-se para garantir qualidade, conforto, sofistica\u00e7\u00e3o e uma decora\u00e7\u00e3o harmoniosa.\r\n\r\nAl\u00e9m dos m\u00f3veis, contamos com uma sele\u00e7\u00e3o de elementos decorativos como almofadas, cortinas, tapetes e ilumina\u00e7\u00e3o. Eles d\u00e3o vida \u00e0 sua decora\u00e7\u00e3o e refletem o seu estilo \u00fanico.\r\n\r\nExplore a nossa cole\u00e7\u00e3o para a Sala de Estar e crie um espa\u00e7o que une conforto e beleza. Um ambiente perfeito para o seu dia a dia e para receber quem voc\u00ea ama, sempre com uma decora\u00e7\u00e3o que faz a diferen\u00e7a.","link":"https:\/\/mhinteriores.pt\/loja\/produto-categoria\/sala-de-estar\/","name":"Sala de Estar","slug":"sala-de-estar","taxonomy":"product_cat","parent":0,"meta":[],"menu_order":0,"yoast_head":"<!-- This site is optimized with the Yoast SEO Premium plugin v24.0 (Yoast SEO v27.4) - https:\/\/yoast.com\/product\/yoast-seo-premium-wordpress\/ -->\n<title>Sala de Estar - Loja Decora&ccedil;&atilde;o de Interiores<\/title>\n<meta name=\"description\" content=\"A Sala de Estar \u00e9 o cora\u00e7\u00e3o da casa, onde voc\u00ea se re\u00fane com a fam\u00edlia, recebe amigos e relaxa, criando momentos especiais todos os dias.\" \/>\n<meta name=\"robots\" content=\"index, follow, max-snippet:-1, max-image-preview:large, max-video-preview:-1\" \/>\n<link rel=\"canonical\" href=\"https:\/\/mhinteriores.pt\/loja\/produto-categoria\/sala-de-estar\/\" \/>\n<meta property=\"og:locale\" content=\"pt_PT\" \/>\n<meta property=\"og:type\" content=\"article\" \/>\n<meta property=\"og:title\" content=\"Arquivo de Sala de Estar\" \/>\n<meta property=\"og:description\" content=\"A Sala de Estar \u00e9 o cora\u00e7\u00e3o da casa, onde voc\u00ea se re\u00fane com a fam\u00edlia, recebe amigos e relaxa, criando momentos especiais todos os dias.\" \/>\n<meta property=\"og:url\" content=\"https:\/\/mhinteriores.pt\/loja\/produto-categoria\/sala-de-estar\/\" \/>\n<meta property=\"og:site_name\" content=\"Loja Decora&ccedil;&atilde;o de Interiores\" \/>\n<meta name=\"twitter:card\" content=\"summary_large_image\" \/>\n<script type=\"application\/ld+json\" class=\"yoast-schema-graph\">{\"@context\":\"https:\\\/\\\/schema.org\",\"@graph\":[{\"@type\":\"CollectionPage\",\"@id\":\"https:\\\/\\\/mhinteriores.pt\\\/loja\\\/produto-categoria\\\/sala-de-estar\\\/\",\"url\":\"https:\\\/\\\/mhinteriores.pt\\\/loja\\\/produto-categoria\\\/sala-de-estar\\\/\",\"name\":\"Sala de Estar - Loja Decora&ccedil;&atilde;o de Interiores\",\"isPartOf\":{\"@id\":\"https:\\\/\\\/mhinteriores.pt\\\/loja\\\/#website\"},\"description\":\"A Sala de Estar \u00e9 o cora\u00e7\u00e3o da casa, onde voc\u00ea se re\u00fane com a fam\u00edlia, recebe amigos e relaxa, criando momentos especiais todos os dias.\",\"breadcrumb\":{\"@id\":\"https:\\\/\\\/mhinteriores.pt\\\/loja\\\/produto-categoria\\\/sala-de-estar\\\/#breadcrumb\"},\"inLanguage\":\"pt-PT\"},{\"@type\":\"BreadcrumbList\",\"@id\":\"https:\\\/\\\/mhinteriores.pt\\\/loja\\\/produto-categoria\\\/sala-de-estar\\\/#breadcrumb\",\"itemListElement\":[{\"@type\":\"ListItem\",\"position\":1,\"name\":\"In\u00edcio\",\"item\":\"https:\\\/\\\/mhinteriores.pt\\\/loja\\\/\"},{\"@type\":\"ListItem\",\"position\":2,\"name\":\"Sala de Estar\"}]},{\"@type\":\"WebSite\",\"@id\":\"https:\\\/\\\/mhinteriores.pt\\\/loja\\\/#website\",\"url\":\"https:\\\/\\\/mhinteriores.pt\\\/loja\\\/\",\"name\":\"Loja de Decora\u00e7\u00e3o - MH Interiores\",\"description\":\"MH Interiores\",\"publisher\":{\"@id\":\"https:\\\/\\\/mhinteriores.pt\\\/loja\\\/#organization\"},\"potentialAction\":[{\"@type\":\"SearchAction\",\"target\":{\"@type\":\"EntryPoint\",\"urlTemplate\":\"https:\\\/\\\/mhinteriores.pt\\\/loja\\\/?s={search_term_string}\"},\"query-input\":{\"@type\":\"PropertyValueSpecification\",\"valueRequired\":true,\"valueName\":\"search_term_string\"}}],\"inLanguage\":\"pt-PT\"},{\"@type\":\"Organization\",\"@id\":\"https:\\\/\\\/mhinteriores.pt\\\/loja\\\/#organization\",\"name\":\"Loja de Decora\u00e7\u00e3o - MH Interiores\",\"url\":\"https:\\\/\\\/mhinteriores.pt\\\/loja\\\/\",\"logo\":{\"@type\":\"ImageObject\",\"inLanguage\":\"pt-PT\",\"@id\":\"https:\\\/\\\/mhinteriores.pt\\\/loja\\\/#\\\/schema\\\/logo\\\/image\\\/\",\"url\":\"https:\\\/\\\/mhinteriores.pt\\\/loja\\\/wp-content\\\/uploads\\\/2024\\\/12\\\/cropped-MH-Interiores.png\",\"contentUrl\":\"https:\\\/\\\/mhinteriores.pt\\\/loja\\\/wp-content\\\/uploads\\\/2024\\\/12\\\/cropped-MH-Interiores.png\",\"width\":512,\"height\":512,\"caption\":\"Loja de Decora\u00e7\u00e3o - MH Interiores\"},\"image\":{\"@id\":\"https:\\\/\\\/mhinteriores.pt\\\/loja\\\/#\\\/schema\\\/logo\\\/image\\\/\"}}]}<\/script>\n<!-- \/ Yoast SEO Premium plugin. -->","yoast_head_json":{"title":"Sala de Estar - Loja Decora&ccedil;&atilde;o de Interiores","description":"A Sala de Estar \u00e9 o cora\u00e7\u00e3o da casa, onde voc\u00ea se re\u00fane com a fam\u00edlia, recebe amigos e relaxa, criando momentos especiais todos os dias.","robots":{"index":"index","follow":"follow","max-snippet":"max-snippet:-1","max-image-preview":"max-image-preview:large","max-video-preview":"max-video-preview:-1"},"canonical":"https:\/\/mhinteriores.pt\/loja\/produto-categoria\/sala-de-estar\/","og_locale":"pt_PT","og_type":"article","og_title":"Arquivo de Sala de Estar","og_description":"A Sala de Estar \u00e9 o cora\u00e7\u00e3o da casa, onde voc\u00ea se re\u00fane com a fam\u00edlia, recebe amigos e relaxa, criando momentos especiais todos os dias.","og_url":"https:\/\/mhinteriores.pt\/loja\/produto-categoria\/sala-de-estar\/","og_site_name":"Loja Decora&ccedil;&atilde;o de Interiores","twitter_card":"summary_large_image","schema":{"@context":"https:\/\/schema.org","@graph":[{"@type":"CollectionPage","@id":"https:\/\/mhinteriores.pt\/loja\/produto-categoria\/sala-de-estar\/","url":"https:\/\/mhinteriores.pt\/loja\/produto-categoria\/sala-de-estar\/","name":"Sala de Estar - Loja Decora&ccedil;&atilde;o de Interiores","isPartOf":{"@id":"https:\/\/mhinteriores.pt\/loja\/#website"},"description":"A Sala de Estar \u00e9 o cora\u00e7\u00e3o da casa, onde voc\u00ea se re\u00fane com a fam\u00edlia, recebe amigos e relaxa, criando momentos especiais todos os dias.","breadcrumb":{"@id":"https:\/\/mhinteriores.pt\/loja\/produto-categoria\/sala-de-estar\/#breadcrumb"},"inLanguage":"pt-PT"},{"@type":"BreadcrumbList","@id":"https:\/\/mhinteriores.pt\/loja\/produto-categoria\/sala-de-estar\/#breadcrumb","itemListElement":[{"@type":"ListItem","position":1,"name":"In\u00edcio","item":"https:\/\/mhinteriores.pt\/loja\/"},{"@type":"ListItem","position":2,"name":"Sala de Estar"}]},{"@type":"WebSite","@id":"https:\/\/mhinteriores.pt\/loja\/#website","url":"https:\/\/mhinteriores.pt\/loja\/","name":"Loja de Decora\u00e7\u00e3o - MH Interiores","description":"MH Interiores","publisher":{"@id":"https:\/\/mhinteriores.pt\/loja\/#organization"},"potentialAction":[{"@type":"SearchAction","target":{"@type":"EntryPoint","urlTemplate":"https:\/\/mhinteriores.pt\/loja\/?s={search_term_string}"},"query-input":{"@type":"PropertyValueSpecification","valueRequired":true,"valueName":"search_term_string"}}],"inLanguage":"pt-PT"},{"@type":"Organization","@id":"https:\/\/mhinteriores.pt\/loja\/#organization","name":"Loja de Decora\u00e7\u00e3o - MH Interiores","url":"https:\/\/mhinteriores.pt\/loja\/","logo":{"@type":"ImageObject","inLanguage":"pt-PT","@id":"https:\/\/mhinteriores.pt\/loja\/#\/schema\/logo\/image\/","url":"https:\/\/mhinteriores.pt\/loja\/wp-content\/uploads\/2024\/12\/cropped-MH-Interiores.png","contentUrl":"https:\/\/mhinteriores.pt\/loja\/wp-content\/uploads\/2024\/12\/cropped-MH-Interiores.png","width":512,"height":512,"caption":"Loja de Decora\u00e7\u00e3o - MH Interiores"},"image":{"@id":"https:\/\/mhinteriores.pt\/loja\/#\/schema\/logo\/image\/"}}]}},"_links":{"self":[{"href":"https:\/\/mhinteriores.pt\/loja\/wp-json\/wp\/v2\/product_cat\/73","targetHints":{"allow":["GET"]}}],"collection":[{"href":"https:\/\/mhinteriores.pt\/loja\/wp-json\/wp\/v2\/product_cat"}],"about":[{"href":"https:\/\/mhinteriores.pt\/loja\/wp-json\/wp\/v2\/taxonomies\/product_cat"}],"wp:post_type":[{"href":"https:\/\/mhinteriores.pt\/loja\/wp-json\/wp\/v2\/product?product_cat=73"}],"curies":[{"name":"wp","href":"https:\/\/api.w.org\/{rel}","templated":true}]}}